{"id":762,"date":"2011-10-30T16:10:18","date_gmt":"2011-10-30T16:10:18","guid":{"rendered":"http:\/\/magyarszalon.nl\/?p=762"},"modified":"2018-03-08T16:10:57","modified_gmt":"2018-03-08T16:10:57","slug":"dontes-a-kremlben-1956-vjacseszlav-szlava-szereda-tortenesz-mufordito-eloadasa","status":"publish","type":"post","link":"https:\/\/magyarszalon.nl\/nl\/2011\/10\/30\/dontes-a-kremlben-1956-vjacseszlav-szlava-szereda-tortenesz-mufordito-eloadasa\/","title":{"rendered":"D\u00f6nt\u00e9s a Kremlben, 1956 &#8211; Vjacseszlav (Szl\u00e1va) Szereda t\u00f6rt\u00e9n\u00e9sz-m\u0171ford\u00edt\u00f3 el\u0151ad\u00e1sa"},"content":{"rendered":"","protected":false},"excerpt":{"rendered":"","protected":false},"author":3,"featured_media":0,"comment_status":"closed","ping_status":"open","sticky":false,"template":"","format":"standard","meta":[],"categories":[1],"tags":[],"translation":{"provider":"WPGlobus","version":"2.10.9","language":"nl","enabled_languages":["hu","nl"],"languages":{"hu":{"title":true,"content":false,"excerpt":false},"nl":{"title":false,"content":false,"excerpt":false}}},"_links":{"self":[{"href":"https:\/\/magyarszalon.nl\/nl\/wp-json\/wp\/v2\/posts\/762"}],"collection":[{"href":"https:\/\/magyarszalon.nl\/nl\/wp-json\/wp\/v2\/posts"}],"about":[{"href":"https:\/\/magyarszalon.nl\/nl\/wp-json\/wp\/v2\/types\/post"}],"author":[{"embeddable":true,"href":"https:\/\/magyarszalon.nl\/nl\/wp-json\/wp\/v2\/users\/3"}],"replies":[{"embeddable":true,"href":"https:\/\/magyarszalon.nl\/nl\/wp-json\/wp\/v2\/comments?post=762"}],"version-history":[{"count":2,"href":"https:\/\/magyarszalon.nl\/nl\/wp-json\/wp\/v2\/posts\/762\/revisions"}],"predecessor-version":[{"id":764,"href":"https:\/\/magyarszalon.nl\/nl\/wp-json\/wp\/v2\/posts\/762\/revisions\/764"}],"wp:attachment":[{"href":"https:\/\/magyarszalon.nl\/nl\/wp-json\/wp\/v2\/media?parent=762"}],"wp:term":[{"taxonomy":"category","embeddable":true,"href":"https:\/\/magyarszalon.nl\/nl\/wp-json\/wp\/v2\/categories?post=762"},{"taxonomy":"post_tag","embeddable":true,"href":"https:\/\/magyarszalon.nl\/nl\/wp-json\/wp\/v2\/tags?post=762"}],"curies":[{"name":"wp","href":"https:\/\/api.w.org\/{rel}","templated":true}]}}