{"id":667,"date":"2013-10-27T12:37:40","date_gmt":"2013-10-27T12:37:40","guid":{"rendered":"http:\/\/magyarszalon.nl\/?p=667"},"modified":"2018-03-08T12:37:56","modified_gmt":"2018-03-08T12:37:56","slug":"teleki-gergo-zongoramuvesz-koncertje-harkai-edua-eszter-tancmuvesz-kozremukodesevel","status":"publish","type":"post","link":"https:\/\/magyarszalon.nl\/nl\/2013\/10\/27\/teleki-gergo-zongoramuvesz-koncertje-harkai-edua-eszter-tancmuvesz-kozremukodesevel\/","title":{"rendered":"Teleki Gerg\u0151 zongoram\u0171v\u00e9sz koncertje Harkai \u00c9dua Eszter t\u00e1ncm\u0171v\u00e9sz k\u00f6zrem\u0171k\u00f6d\u00e9s\u00e9vel"},"content":{"rendered":"","protected":false},"excerpt":{"rendered":"","protected":false},"author":3,"featured_media":0,"comment_status":"closed","ping_status":"open","sticky":false,"template":"","format":"standard","meta":[],"categories":[1],"tags":[],"translation":{"provider":"WPGlobus","version":"2.10.9","language":"nl","enabled_languages":["hu","nl"],"languages":{"hu":{"title":true,"content":false,"excerpt":false},"nl":{"title":false,"content":false,"excerpt":false}}},"_links":{"self":[{"href":"https:\/\/magyarszalon.nl\/nl\/wp-json\/wp\/v2\/posts\/667"}],"collection":[{"href":"https:\/\/magyarszalon.nl\/nl\/wp-json\/wp\/v2\/posts"}],"about":[{"href":"https:\/\/magyarszalon.nl\/nl\/wp-json\/wp\/v2\/types\/post"}],"author":[{"embeddable":true,"href":"https:\/\/magyarszalon.nl\/nl\/wp-json\/wp\/v2\/users\/3"}],"replies":[{"embeddable":true,"href":"https:\/\/magyarszalon.nl\/nl\/wp-json\/wp\/v2\/comments?post=667"}],"version-history":[{"count":2,"href":"https:\/\/magyarszalon.nl\/nl\/wp-json\/wp\/v2\/posts\/667\/revisions"}],"predecessor-version":[{"id":669,"href":"https:\/\/magyarszalon.nl\/nl\/wp-json\/wp\/v2\/posts\/667\/revisions\/669"}],"wp:attachment":[{"href":"https:\/\/magyarszalon.nl\/nl\/wp-json\/wp\/v2\/media?parent=667"}],"wp:term":[{"taxonomy":"category","embeddable":true,"href":"https:\/\/magyarszalon.nl\/nl\/wp-json\/wp\/v2\/categories?post=667"},{"taxonomy":"post_tag","embeddable":true,"href":"https:\/\/magyarszalon.nl\/nl\/wp-json\/wp\/v2\/tags?post=667"}],"curies":[{"name":"wp","href":"https:\/\/api.w.org\/{rel}","templated":true}]}}