{"id":658,"date":"2014-01-19T12:35:17","date_gmt":"2014-01-19T12:35:17","guid":{"rendered":"http:\/\/magyarszalon.nl\/?p=658"},"modified":"2018-03-08T15:53:39","modified_gmt":"2018-03-08T15:53:39","slug":"film-az-ember-tragediaja-animacios-film","status":"publish","type":"post","link":"https:\/\/magyarszalon.nl\/nl\/2014\/01\/19\/film-az-ember-tragediaja-animacios-film\/","title":{"rendered":"FILM: Az ember trag\u00e9di\u00e1ja &#8211; Jankovics Marcell anim\u00e1ci\u00f3s filmje"},"content":{"rendered":"","protected":false},"excerpt":{"rendered":"","protected":false},"author":3,"featured_media":0,"comment_status":"closed","ping_status":"open","sticky":false,"template":"","format":"standard","meta":[],"categories":[1],"tags":[],"translation":{"provider":"WPGlobus","version":"2.10.9","language":"nl","enabled_languages":["hu","nl"],"languages":{"hu":{"title":true,"content":false,"excerpt":false},"nl":{"title":false,"content":false,"excerpt":false}}},"_links":{"self":[{"href":"https:\/\/magyarszalon.nl\/nl\/wp-json\/wp\/v2\/posts\/658"}],"collection":[{"href":"https:\/\/magyarszalon.nl\/nl\/wp-json\/wp\/v2\/posts"}],"about":[{"href":"https:\/\/magyarszalon.nl\/nl\/wp-json\/wp\/v2\/types\/post"}],"author":[{"embeddable":true,"href":"https:\/\/magyarszalon.nl\/nl\/wp-json\/wp\/v2\/users\/3"}],"replies":[{"embeddable":true,"href":"https:\/\/magyarszalon.nl\/nl\/wp-json\/wp\/v2\/comments?post=658"}],"version-history":[{"count":3,"href":"https:\/\/magyarszalon.nl\/nl\/wp-json\/wp\/v2\/posts\/658\/revisions"}],"predecessor-version":[{"id":718,"href":"https:\/\/magyarszalon.nl\/nl\/wp-json\/wp\/v2\/posts\/658\/revisions\/718"}],"wp:attachment":[{"href":"https:\/\/magyarszalon.nl\/nl\/wp-json\/wp\/v2\/media?parent=658"}],"wp:term":[{"taxonomy":"category","embeddable":true,"href":"https:\/\/magyarszalon.nl\/nl\/wp-json\/wp\/v2\/categories?post=658"},{"taxonomy":"post_tag","embeddable":true,"href":"https:\/\/magyarszalon.nl\/nl\/wp-json\/wp\/v2\/tags?post=658"}],"curies":[{"name":"wp","href":"https:\/\/api.w.org\/{rel}","templated":true}]}}