{"id":629,"date":"2014-12-14T12:27:49","date_gmt":"2014-12-14T12:27:49","guid":{"rendered":"http:\/\/magyarszalon.nl\/?p=629"},"modified":"2018-03-08T12:28:26","modified_gmt":"2018-03-08T12:28:26","slug":"kirkosa-orsolya-operaenekes-karacsonyi-koncertje-herman-david-zongora-kiseretevel-majd-borvasar","status":"publish","type":"post","link":"https:\/\/magyarszalon.nl\/nl\/2014\/12\/14\/kirkosa-orsolya-operaenekes-karacsonyi-koncertje-herman-david-zongora-kiseretevel-majd-borvasar\/","title":{"rendered":"Kirk\u00f3sa Orsolya opera\u00e9nekes kar\u00e1csonyi koncertje Herman D\u00e1vid zongora k\u00eds\u00e9ret\u00e9vel, majd borv\u00e1s\u00e1r"},"content":{"rendered":"","protected":false},"excerpt":{"rendered":"","protected":false},"author":3,"featured_media":0,"comment_status":"closed","ping_status":"open","sticky":false,"template":"","format":"standard","meta":[],"categories":[1],"tags":[],"translation":{"provider":"WPGlobus","version":"2.10.9","language":"nl","enabled_languages":["hu","nl"],"languages":{"hu":{"title":true,"content":false,"excerpt":false},"nl":{"title":false,"content":false,"excerpt":false}}},"_links":{"self":[{"href":"https:\/\/magyarszalon.nl\/nl\/wp-json\/wp\/v2\/posts\/629"}],"collection":[{"href":"https:\/\/magyarszalon.nl\/nl\/wp-json\/wp\/v2\/posts"}],"about":[{"href":"https:\/\/magyarszalon.nl\/nl\/wp-json\/wp\/v2\/types\/post"}],"author":[{"embeddable":true,"href":"https:\/\/magyarszalon.nl\/nl\/wp-json\/wp\/v2\/users\/3"}],"replies":[{"embeddable":true,"href":"https:\/\/magyarszalon.nl\/nl\/wp-json\/wp\/v2\/comments?post=629"}],"version-history":[{"count":2,"href":"https:\/\/magyarszalon.nl\/nl\/wp-json\/wp\/v2\/posts\/629\/revisions"}],"predecessor-version":[{"id":631,"href":"https:\/\/magyarszalon.nl\/nl\/wp-json\/wp\/v2\/posts\/629\/revisions\/631"}],"wp:attachment":[{"href":"https:\/\/magyarszalon.nl\/nl\/wp-json\/wp\/v2\/media?parent=629"}],"wp:term":[{"taxonomy":"category","embeddable":true,"href":"https:\/\/magyarszalon.nl\/nl\/wp-json\/wp\/v2\/categories?post=629"},{"taxonomy":"post_tag","embeddable":true,"href":"https:\/\/magyarszalon.nl\/nl\/wp-json\/wp\/v2\/tags?post=629"}],"curies":[{"name":"wp","href":"https:\/\/api.w.org\/{rel}","templated":true}]}}