{"id":392,"date":"2016-12-16T23:28:37","date_gmt":"2016-12-16T23:28:37","guid":{"rendered":"http:\/\/magyarszalon.nl\/?p=392"},"modified":"2017-11-18T14:58:01","modified_gmt":"2017-11-18T14:58:01","slug":"karacsonyi-koncert-hollandiai-magyar-zeneszek-es-az-amszterdami-magyar-korus-kozremukodesevel","status":"publish","type":"post","link":"https:\/\/magyarszalon.nl\/nl\/2016\/12\/16\/karacsonyi-koncert-hollandiai-magyar-zeneszek-es-az-amszterdami-magyar-korus-kozremukodesevel\/","title":{"rendered":"Kerstconcert\u2014met Hongaarse musici en het Hongaars Koor Amsterdam"},"content":{"rendered":"<p><strong>WANNEER:<\/strong> 11\u00a0december 2016, vanaf 14.00.<br \/>\nProgramma begint om 14.45.<\/p>\n<p><strong>WAT:<\/strong> Concert, ervoor en erna Hongaarse lekkernijen,<br \/>\nmet bijzondere aandacht voor de kerstspecialiteiten!<\/p>\n<p><strong>WAAR:<\/strong> Goethe Instituut Amsterdam, Herengracht 470<br \/>\nroutebeschrijving: www.goethe.de\/ins\/nl\/ams\/knt\/anf\/nlindex.htm<\/p>\n<p><strong>HOEVEEL:<\/strong> Bijdrage: 9 euro, tot 18 jaar: 7 euro (inclusief \u00e9\u00e9n drankconsumptie)<\/p>\n<p><a href=\"http:\/\/magyarszalon.nl\/wp-content\/uploads\/2015\/06\/kerstkoncert2.jpg\"><img decoding=\"async\" loading=\"lazy\" class=\"alignleft wp-image-375\" src=\"http:\/\/magyarszalon.nl\/wp-content\/uploads\/2015\/06\/kerstkoncert2-300x201.jpg\" alt=\"\" width=\"330\" height=\"221\" srcset=\"https:\/\/magyarszalon.nl\/wp-content\/uploads\/2015\/06\/kerstkoncert2-300x201.jpg 300w, https:\/\/magyarszalon.nl\/wp-content\/uploads\/2015\/06\/kerstkoncert2.jpg 500w\" sizes=\"(max-width: 330px) 100vw, 330px\" \/><\/a>Na het succes van het kerstconcert van vorig jaar wordt bij deze decemberbijeenkomst weer opgeluisterd door jonge Hongaarse musici die in Nederland werken of studeren. Ook het Hongaars Koor Amsterdam, dat in zijn tweejarig bestaan al ruime bekendheid heeft verworven, zal weer van de partij zijn.<\/p>\n<p>Enik\u0151 Magyar (altviool), (M\u00e1t\u00e9 Lachegyi (piano) Kinga Szil\u00e1gyi (saxofoon) zullen klassieke en lichte stukken ten gehore brengen.<\/p>\n<p>Het Hongaars Koor Amsterdam heeft zijn kerstrepertoire ook uitgebreid met nieuwe Hongaarse en internationale koorwerken. Het koor zingt onder leiding van M\u00e1t\u00e9 Lachegyi.<\/p>\n","protected":false},"excerpt":{"rendered":"<p>WANNEER: 11\u00a0december 2016, vanaf 14.00. Programma begint om 14.45. WAT: Concert, ervoor en erna Hongaarse lekkernijen, met bijzondere aandacht voor de kerstspecialiteiten! WAAR: Goethe Instituut Amsterdam, Herengracht 470 routebeschrijving: www.goethe.de\/ins\/nl\/ams\/knt\/anf\/nlindex.htm HOEVEEL: Bijdrage: 9 euro, tot 18 jaar: 7 euro (inclusief \u00e9\u00e9n drankconsumptie) Na het succes van het kerstconcert van vorig jaar wordt bij deze decemberbijeenkomst [&hellip;]<\/p>\n","protected":false},"author":1,"featured_media":375,"comment_status":"closed","ping_status":"open","sticky":false,"template":"","format":"standard","meta":[],"categories":[1],"tags":[],"translation":{"provider":"WPGlobus","version":"2.10.9","language":"nl","enabled_languages":["hu","nl"],"languages":{"hu":{"title":true,"content":true,"excerpt":false},"nl":{"title":true,"content":true,"excerpt":false}}},"_links":{"self":[{"href":"https:\/\/magyarszalon.nl\/nl\/wp-json\/wp\/v2\/posts\/392"}],"collection":[{"href":"https:\/\/magyarszalon.nl\/nl\/wp-json\/wp\/v2\/posts"}],"about":[{"href":"https:\/\/magyarszalon.nl\/nl\/wp-json\/wp\/v2\/types\/post"}],"author":[{"embeddable":true,"href":"https:\/\/magyarszalon.nl\/nl\/wp-json\/wp\/v2\/users\/1"}],"replies":[{"embeddable":true,"href":"https:\/\/magyarszalon.nl\/nl\/wp-json\/wp\/v2\/comments?post=392"}],"version-history":[{"count":3,"href":"https:\/\/magyarszalon.nl\/nl\/wp-json\/wp\/v2\/posts\/392\/revisions"}],"predecessor-version":[{"id":394,"href":"https:\/\/magyarszalon.nl\/nl\/wp-json\/wp\/v2\/posts\/392\/revisions\/394"}],"wp:featuredmedia":[{"embeddable":true,"href":"https:\/\/magyarszalon.nl\/nl\/wp-json\/wp\/v2\/media\/375"}],"wp:attachment":[{"href":"https:\/\/magyarszalon.nl\/nl\/wp-json\/wp\/v2\/media?parent=392"}],"wp:term":[{"taxonomy":"category","embeddable":true,"href":"https:\/\/magyarszalon.nl\/nl\/wp-json\/wp\/v2\/categories?post=392"},{"taxonomy":"post_tag","embeddable":true,"href":"https:\/\/magyarszalon.nl\/nl\/wp-json\/wp\/v2\/tags?post=392"}],"curies":[{"name":"wp","href":"https:\/\/api.w.org\/{rel}","templated":true}]}}