{"id":310,"date":"2016-05-26T07:42:15","date_gmt":"2016-05-26T07:42:15","guid":{"rendered":"http:\/\/magyarszalon.nl\/?p=310"},"modified":"2018-03-31T14:42:19","modified_gmt":"2018-03-31T14:42:19","slug":"versolvasas-es-beszelgetes-varady-szabolcs-koltovel","status":"publish","type":"post","link":"https:\/\/magyarszalon.nl\/nl\/2016\/05\/26\/versolvasas-es-beszelgetes-varady-szabolcs-koltovel\/","title":{"rendered":"Szabolcs V\u00e1rady (dichter)"},"content":{"rendered":"<p>&nbsp;<\/p>\n<h1 style=\"text-align: center;\">Szabolcs V\u00e1rady (dichter)<\/h1>\n<h2 style=\"text-align: center;\"><em>HONGAARSTALIGE VOORDRACHT<\/em><\/h2>\n<p><a href=\"http:\/\/magyarszalon.nl\/wp-content\/uploads\/2015\/06\/v\u00e1rady.jpg\"><img decoding=\"async\" loading=\"lazy\" class=\"  wp-image-301 alignright\" src=\"http:\/\/magyarszalon.nl\/wp-content\/uploads\/2015\/06\/v\u00e1rady-268x300.jpg\" alt=\"v\u00e1rady\" width=\"232\" height=\"260\" srcset=\"https:\/\/magyarszalon.nl\/wp-content\/uploads\/2015\/06\/v\u00e1rady-268x300.jpg 268w, https:\/\/magyarszalon.nl\/wp-content\/uploads\/2015\/06\/v\u00e1rady.jpg 914w\" sizes=\"(max-width: 232px) 100vw, 232px\" \/><\/a><\/p>\n<ul>\n<li>Wanneer: 22 MEI 2016, vanaf 14.00. Programma begint om 14.45<\/li>\n<li>Wat: Voordracht en podiumgesprek IN HET HONGAARS! ervoor\/erna: cafetaria open, koffie, thee, gebak, wijn, fris, hapjes verkrijgbaar<\/li>\n<li>Waar: Goethe Instituut Amsterdam, <a href=\"http:\/\/www.goethe.de\/ins\/nl\/ams\/knt\/anf\/nlindex.htm\" target=\"_blank\">Herengracht 470<\/a><\/li>\n<li>Hoeveel: Bijdrage: 9 euro, tot 18 jaar: 7 euro (inclusief \u00e9\u00e9n drankconsumptie)<\/li>\n<\/ul>\n<p>Dichter Szabolcs V\u00e1rady leest gedichten voor en wordt ge\u00efnterviewd door Mari Alf\u00f6ldy.<\/p>\n<p>&nbsp;<\/p>\n<p><em>Onze Hongaarse salon kan moeilijk zonder literatuur, en die is nu eenmaal taalgebonden, dus dit keer alleen voor de Hongaarssprekenden.<\/em><br \/>\n<em> De laatste salon van het seizoen vindt hoogstwaarschijnlijk plaats op 19 juni.<\/em><\/p>\n<p><em>Mari Alf\u00f6ldy en de organisatoren<\/em><\/p>\n<hr \/>\n","protected":false},"excerpt":{"rendered":"<p>&nbsp; Szabolcs V\u00e1rady (dichter) HONGAARSTALIGE VOORDRACHT Wanneer: 22 MEI 2016, vanaf 14.00. Programma begint om 14.45 Wat: Voordracht en podiumgesprek IN HET HONGAARS! ervoor\/erna: cafetaria open, koffie, thee, gebak, wijn, fris, hapjes verkrijgbaar Waar: Goethe Instituut Amsterdam, Herengracht 470 Hoeveel: Bijdrage: 9 euro, tot 18 jaar: 7 euro (inclusief \u00e9\u00e9n drankconsumptie) Dichter Szabolcs V\u00e1rady leest [&hellip;]<\/p>\n","protected":false},"author":1,"featured_media":301,"comment_status":"closed","ping_status":"open","sticky":false,"template":"","format":"standard","meta":[],"categories":[1],"tags":[],"translation":{"provider":"WPGlobus","version":"2.10.9","language":"nl","enabled_languages":["hu","nl"],"languages":{"hu":{"title":true,"content":true,"excerpt":false},"nl":{"title":true,"content":true,"excerpt":false}}},"_links":{"self":[{"href":"https:\/\/magyarszalon.nl\/nl\/wp-json\/wp\/v2\/posts\/310"}],"collection":[{"href":"https:\/\/magyarszalon.nl\/nl\/wp-json\/wp\/v2\/posts"}],"about":[{"href":"https:\/\/magyarszalon.nl\/nl\/wp-json\/wp\/v2\/types\/post"}],"author":[{"embeddable":true,"href":"https:\/\/magyarszalon.nl\/nl\/wp-json\/wp\/v2\/users\/1"}],"replies":[{"embeddable":true,"href":"https:\/\/magyarszalon.nl\/nl\/wp-json\/wp\/v2\/comments?post=310"}],"version-history":[{"count":4,"href":"https:\/\/magyarszalon.nl\/nl\/wp-json\/wp\/v2\/posts\/310\/revisions"}],"predecessor-version":[{"id":1322,"href":"https:\/\/magyarszalon.nl\/nl\/wp-json\/wp\/v2\/posts\/310\/revisions\/1322"}],"wp:featuredmedia":[{"embeddable":true,"href":"https:\/\/magyarszalon.nl\/nl\/wp-json\/wp\/v2\/media\/301"}],"wp:attachment":[{"href":"https:\/\/magyarszalon.nl\/nl\/wp-json\/wp\/v2\/media?parent=310"}],"wp:term":[{"taxonomy":"category","embeddable":true,"href":"https:\/\/magyarszalon.nl\/nl\/wp-json\/wp\/v2\/categories?post=310"},{"taxonomy":"post_tag","embeddable":true,"href":"https:\/\/magyarszalon.nl\/nl\/wp-json\/wp\/v2\/tags?post=310"}],"curies":[{"name":"wp","href":"https:\/\/api.w.org\/{rel}","templated":true}]}}