{"id":283,"date":"2016-03-25T10:25:18","date_gmt":"2016-03-25T10:25:18","guid":{"rendered":"http:\/\/magyarszalon.nl\/?p=283"},"modified":"2018-03-08T12:55:41","modified_gmt":"2018-03-08T12:55:41","slug":"film-van-valami-furcsa-es-megmagyarazhatatlan","status":"publish","type":"post","link":"https:\/\/magyarszalon.nl\/nl\/2016\/03\/25\/film-van-valami-furcsa-es-megmagyarazhatatlan\/","title":{"rendered":"FILM: Van valami furcsa \u00e9s megmagyar\u00e1zhatatlan &#8211; Reisz G\u00e1bor filmje + antikv\u00e1r k\u00f6nyvv\u00e1s\u00e1r"},"content":{"rendered":"<h1 style=\"text-align: center;\">FILM:<br \/>\nFor Some Inexplicable Reason<\/h1>\n<h2 style=\"text-align: center;\">Engels ondertiteld<\/h2>\n<p><strong>WANNEER:<\/strong> 20 maart 2016, vanaf 14.00. Programma begint om 14.45.<\/p>\n<p><strong>WAT:<\/strong> film van G\u00e1bor Reisz (2014), 90 min.<br \/>\nervoor\/erna: cafetaria open, koffie, thee, gebak, wijn, fris, hapjes verkrijgbaar<\/p>\n<p><strong>WAAR:<\/strong> Goethe Int\u00e9zet Amsterdam, Herengracht 470<br \/>\nroutebeschrijving: www.goethe.de\/ins\/nl\/ams\/knt\/anf\/nlindex.htm<\/p>\n<p><strong>HOEVEEL:<\/strong> Bijdrage: 9 euro, tot 18 jaar: 7 euro (inclusief \u00e9\u00e9n drankconsumptie)<\/p>\n<p><a href=\"http:\/\/magyarszalon.nl\/wp-content\/uploads\/2015\/06\/vanvalamifurcsa.jpg\"><img decoding=\"async\" loading=\"lazy\" class=\" size-medium wp-image-269 alignleft\" src=\"http:\/\/magyarszalon.nl\/wp-content\/uploads\/2015\/06\/vanvalamifurcsa-212x300.jpg\" alt=\"vanvalamifurcsa\" width=\"212\" height=\"300\" srcset=\"https:\/\/magyarszalon.nl\/wp-content\/uploads\/2015\/06\/vanvalamifurcsa-212x300.jpg 212w, https:\/\/magyarszalon.nl\/wp-content\/uploads\/2015\/06\/vanvalamifurcsa.jpg 509w\" sizes=\"(max-width: 212px) 100vw, 212px\" \/><\/a><\/p>\n<p>De film is een low budget afstudeerfilm aan de Filmacademie van Boedapest die een van de populairste Hongaarse films van de afgelopen jaren geworden. Samengevat zou je kunnen zeggen dat hij over het levensgevoel van de Hongaarse generatie van rond de dertig gaat \u2013 en dat presenteert hij eerlijk en met humor.<br \/>\n\u00c1ron is bijna dertig. Hij is onlangs afgestudeerd in de niet al te marktgerichte studierichting filmesthetiek en zoekt werk, maar weet niet zo goed wat hij in het leven wil. Zijn ouders steunen hem, hij kan daar altijd aanschuiven voor een maaltijd, maar ze bemoeien zich ook te veel met zijn leven. Tijdens het feestje voor zijn 30ste verjaardag ontdekt hij dat zijn vriendin, Eszter, een ander heeft. Na het drinkgelag kan hij de volgende dag zich niets meer herinneren, maar vindt bij zijn e.mails een vliegticket naar Lissabon die hij blijkbaar heeft besteld \u2013 voor een maandsalaris van zijn ouders. Hij besluit te gaan en ontdekt daar dat hij de zwaarte nodig heeft die hem met beide benen op de grond houdt en die hij alleen in Boedapest vindt. De film gaat over het leven van alledag, ontmoetingen met vrienden, dagdromen en en compenserende handelingen, en niet in de laatste plaats over Boedapest, waar we ondanks alles for some inexplicable reason toch van houden\u2026<br \/>\nRecensenten zijn zeer lovend over de prestaties van de regisseur (die tevens verantwoordelijk is voor het scenario en de muziek) en de acteurs (hoofdrol: \u00c1ron Ferenczik) maar ook over het camerawerk en de montage.<\/p>\n<p>Een recent Hongaars filmsucces, niet alleen voor twintigers en dertigers!<br \/>\nNa de film vindt onze jaarlijkse antiquarische Hongaarse boekenmarkt plaats ten bate van de Salon, voor het aanbieden van overbodig geworden Hongaarse boeken kun je contact opnemen met Eleni Bozona (06-34440445) of Mari Alf\u00f6ldy (m.alfoldy@gmail.com).<\/p>\n<p><em>De Hongaarse Salon Amsterdam organiseert Hongaarse culturele evenementen, die \u00e9\u00e9n keer per maand op zondagmiddag plaatsvinden op het Goethe Instituut. Afgewisseld staan filmvertoningen en live evenementen (theater, lezing, podiumgesprek) op het programma, zo mogelijk om en om. De organisatie wordt door vrijwilligers gedaan, uit de entreegelden worden de kosten betaald. De films zijn Nederlands of Engels ondertiteld, de lezingen en gesprekken zijn in principe Hongaarstalig. Voor het programma is koffie en thee verkrijgbaar, na afloop kan bij een borrel worden nagepraat. Info: www.hongaarsesalon.nl, aanmelding mailinglist: info@magyarszalon.nl<\/em><br \/>\n<em>Donaties zijn welkom op rek. nr NL58 ABNA 0406 6848 20, ABN AMRO, t.n.v. Stichting Hongaarse Salon Amsterdam.<\/em><\/p>\n","protected":false},"excerpt":{"rendered":"<p>FILM: For Some Inexplicable Reason Engels ondertiteld WANNEER: 20 maart 2016, vanaf 14.00. Programma begint om 14.45. WAT: film van G\u00e1bor Reisz (2014), 90 min. ervoor\/erna: cafetaria open, koffie, thee, gebak, wijn, fris, hapjes verkrijgbaar WAAR: Goethe Int\u00e9zet Amsterdam, Herengracht 470 routebeschrijving: www.goethe.de\/ins\/nl\/ams\/knt\/anf\/nlindex.htm HOEVEEL: Bijdrage: 9 euro, tot 18 jaar: 7 euro (inclusief \u00e9\u00e9n drankconsumptie) [&hellip;]<\/p>\n","protected":false},"author":1,"featured_media":269,"comment_status":"closed","ping_status":"open","sticky":false,"template":"","format":"standard","meta":[],"categories":[1],"tags":[],"translation":{"provider":"WPGlobus","version":"2.10.9","language":"nl","enabled_languages":["hu","nl"],"languages":{"hu":{"title":true,"content":true,"excerpt":false},"nl":{"title":false,"content":true,"excerpt":false}}},"_links":{"self":[{"href":"https:\/\/magyarszalon.nl\/nl\/wp-json\/wp\/v2\/posts\/283"}],"collection":[{"href":"https:\/\/magyarszalon.nl\/nl\/wp-json\/wp\/v2\/posts"}],"about":[{"href":"https:\/\/magyarszalon.nl\/nl\/wp-json\/wp\/v2\/types\/post"}],"author":[{"embeddable":true,"href":"https:\/\/magyarszalon.nl\/nl\/wp-json\/wp\/v2\/users\/1"}],"replies":[{"embeddable":true,"href":"https:\/\/magyarszalon.nl\/nl\/wp-json\/wp\/v2\/comments?post=283"}],"version-history":[{"count":3,"href":"https:\/\/magyarszalon.nl\/nl\/wp-json\/wp\/v2\/posts\/283\/revisions"}],"predecessor-version":[{"id":703,"href":"https:\/\/magyarszalon.nl\/nl\/wp-json\/wp\/v2\/posts\/283\/revisions\/703"}],"wp:featuredmedia":[{"embeddable":true,"href":"https:\/\/magyarszalon.nl\/nl\/wp-json\/wp\/v2\/media\/269"}],"wp:attachment":[{"href":"https:\/\/magyarszalon.nl\/nl\/wp-json\/wp\/v2\/media?parent=283"}],"wp:term":[{"taxonomy":"category","embeddable":true,"href":"https:\/\/magyarszalon.nl\/nl\/wp-json\/wp\/v2\/categories?post=283"},{"taxonomy":"post_tag","embeddable":true,"href":"https:\/\/magyarszalon.nl\/nl\/wp-json\/wp\/v2\/tags?post=283"}],"curies":[{"name":"wp","href":"https:\/\/api.w.org\/{rel}","templated":true}]}}