{"id":254,"date":"2016-01-24T09:13:01","date_gmt":"2016-01-24T09:13:01","guid":{"rendered":"http:\/\/magyarszalon.nl\/?p=254"},"modified":"2018-03-08T12:56:55","modified_gmt":"2018-03-08T12:56:55","slug":"film-final-cut-palfi-gyorgy-filmje","status":"publish","type":"post","link":"https:\/\/magyarszalon.nl\/nl\/2016\/01\/24\/film-final-cut-palfi-gyorgy-filmje\/","title":{"rendered":"Film: Final Cut van Gy\u00f6rgy P\u00e1lfi"},"content":{"rendered":"<h1 style=\"text-align: center;\">FILM: Final Cut<br \/>\nvan Gy\u00f6rgy P\u00e1lfi<\/h1>\n<p><strong>WANNEER:<\/strong> 17 januar 2016, vanaf 14.00. Programma begint om 14.45.<\/p>\n<p><strong>WAT:<\/strong> film van Gy\u00f6rgy P\u00e1lfi (2012), 80 min.<br \/>\nervoor\/erna: cafetaria open, koffie, thee, gebak, wijn, fris, hapjes verkrijgbaar<\/p>\n<p><strong>WAAR:<\/strong> Goethe Int\u00e9zet Amsterdam, Herengracht 470<br \/>\n\u00fatle\u00edr\u00e1s: www.goethe.de\/ins\/nl\/ams\/knt\/anf\/nlindex.htm<\/p>\n<p><strong>HOEVEEL:<\/strong> Bijdrage: 9 euro, tot 18 jaar: 7 euro (inclusief \u00e9\u00e9n drankconsumptie)<\/p>\n<p><img decoding=\"async\" loading=\"lazy\" class=\"alignnone size-full wp-image-246\" src=\"http:\/\/magyarszalon.nl\/wp-content\/uploads\/2015\/06\/final_cut_header.jpg\" alt=\"final_cut_header\" width=\"800\" height=\"333\" srcset=\"https:\/\/magyarszalon.nl\/wp-content\/uploads\/2015\/06\/final_cut_header.jpg 800w, https:\/\/magyarszalon.nl\/wp-content\/uploads\/2015\/06\/final_cut_header-300x125.jpg 300w\" sizes=\"(max-width: 800px) 100vw, 800px\" \/><\/p>\n<p>Het proced\u00e9 achter Final Cut word ook wel filmrecycling genoemd: de regisseur monteerde korte stukjes uit bestaande films naast elkaar en maakte daaruit een nieuwe. Hij gebruikte dit idee ook om een film te kunnen maken op een moment dat er problemen waren bij de subsidi\u00ebring. Hij koos 450 films uit om daaruit het de rode draad van het verhaal te construeren. Het zal niemand verrassen dat het basisconflict gebaseerd is op de ontmoeting van man en vrouw en de situatie van een relationele driehoek met de inherente jaloezie. P\u00e1lfi haalde de films helemaal uit elkaar, inventariseerde de sc\u00e8nes bijna beeld voor beeld en vormde uit een selectie daarvan een verhaal.<br \/>\nFinal cut is vertoond op verschillende grote filmfestivals, waaronder Cannes en New York.<br \/>\nGy\u00f6rgy P\u00e1lfi is een van de bekendste en origineelste Hongaarse filmmakers van dit moment. Hij is ook de regisseur van Hukkle, die eerder in de Hongaarse Salon te zien was. De film wordt vertoond met toestemming van de maker.<\/p>\n<p>De vertoning van de film Final Cut is een bijzondere gelegenheid, al was het omdat de film vanwege de ingewikkelde situatie met de rechten niet in de bioscoop vertoond wordt.<\/p>\n<p>&nbsp;<\/p>\n","protected":false},"excerpt":{"rendered":"<p>FILM: Final Cut van Gy\u00f6rgy P\u00e1lfi WANNEER: 17 januar 2016, vanaf 14.00. Programma begint om 14.45. WAT: film van Gy\u00f6rgy P\u00e1lfi (2012), 80 min. ervoor\/erna: cafetaria open, koffie, thee, gebak, wijn, fris, hapjes verkrijgbaar WAAR: Goethe Int\u00e9zet Amsterdam, Herengracht 470 \u00fatle\u00edr\u00e1s: www.goethe.de\/ins\/nl\/ams\/knt\/anf\/nlindex.htm HOEVEEL: Bijdrage: 9 euro, tot 18 jaar: 7 euro (inclusief \u00e9\u00e9n drankconsumptie) Het [&hellip;]<\/p>\n","protected":false},"author":1,"featured_media":246,"comment_status":"closed","ping_status":"open","sticky":false,"template":"","format":"standard","meta":[],"categories":[1],"tags":[],"translation":{"provider":"WPGlobus","version":"2.10.9","language":"nl","enabled_languages":["hu","nl"],"languages":{"hu":{"title":true,"content":true,"excerpt":false},"nl":{"title":true,"content":true,"excerpt":false}}},"_links":{"self":[{"href":"https:\/\/magyarszalon.nl\/nl\/wp-json\/wp\/v2\/posts\/254"}],"collection":[{"href":"https:\/\/magyarszalon.nl\/nl\/wp-json\/wp\/v2\/posts"}],"about":[{"href":"https:\/\/magyarszalon.nl\/nl\/wp-json\/wp\/v2\/types\/post"}],"author":[{"embeddable":true,"href":"https:\/\/magyarszalon.nl\/nl\/wp-json\/wp\/v2\/users\/1"}],"replies":[{"embeddable":true,"href":"https:\/\/magyarszalon.nl\/nl\/wp-json\/wp\/v2\/comments?post=254"}],"version-history":[{"count":3,"href":"https:\/\/magyarszalon.nl\/nl\/wp-json\/wp\/v2\/posts\/254\/revisions"}],"predecessor-version":[{"id":705,"href":"https:\/\/magyarszalon.nl\/nl\/wp-json\/wp\/v2\/posts\/254\/revisions\/705"}],"wp:featuredmedia":[{"embeddable":true,"href":"https:\/\/magyarszalon.nl\/nl\/wp-json\/wp\/v2\/media\/246"}],"wp:attachment":[{"href":"https:\/\/magyarszalon.nl\/nl\/wp-json\/wp\/v2\/media?parent=254"}],"wp:term":[{"taxonomy":"category","embeddable":true,"href":"https:\/\/magyarszalon.nl\/nl\/wp-json\/wp\/v2\/categories?post=254"},{"taxonomy":"post_tag","embeddable":true,"href":"https:\/\/magyarszalon.nl\/nl\/wp-json\/wp\/v2\/tags?post=254"}],"curies":[{"name":"wp","href":"https:\/\/api.w.org\/{rel}","templated":true}]}}