{"id":175,"date":"2015-06-21T10:26:14","date_gmt":"2015-06-21T10:26:14","guid":{"rendered":"http:\/\/magyarszalon.nl\/?p=175"},"modified":"2018-03-31T15:50:51","modified_gmt":"2018-03-31T15:50:51","slug":"amszterdami-magyar-korus-koncertje-2015-junius-21","status":"publish","type":"post","link":"https:\/\/magyarszalon.nl\/nl\/2015\/06\/21\/amszterdami-magyar-korus-koncertje-2015-junius-21\/","title":{"rendered":"Hongaars Koor Amsterdam (21 juni 2015)"},"content":{"rendered":"<h3><\/h3>\n<p>Het Hongaars Koor Amsterdam is in 2014 opgericht op initiatief van de Hongaarse Salon Amsterdam en dirigent Orsi Burj\u00e1n, met enthousiaste amateurzangers..In het afgelopen ruim half jaar heeft het koor een prachtig repertoire opgebouwd uit de hoogtepunten van de Hongaarse en internationale koormuziek, bestaande uit stukken voor vrouwenkoor en gemengd koor.<\/p>\n<p>Orsi Burj\u00e1n studeerde koordirectie in Boedapest. Haar kwaliteiten als jazz-zangeres kent het Salonpubliek al van haar schitterende concert met ensemble P\u00e1link\u00e1lom in 2013.<\/p>\n<p>Het koor wordt op de piano begeleid door N\u00f3ra Dud\u00e1s, student orgel aan het Conservatorium van Amsterdam.<\/p>\n<p><strong>Programma:<\/strong><\/p>\n<table>\n<tbody>\n<tr>\n<td width=\"307\">1. John of Fornsete \u2013 Andor Vask\u00f3<\/td>\n<td width=\"307\">Ny\u00e1r-k\u00e1non (Zomercanon)<\/td>\n<\/tr>\n<tr>\n<td width=\"307\">2. Toinot Arbot<\/td>\n<td width=\"307\">Pavane<\/td>\n<\/tr>\n<tr>\n<td width=\"307\">3. Ferenc Farkas\u2013 L\u00e1szl\u00f3 Dalos<\/td>\n<td width=\"307\">Vallon szeren\u00e1d (Waalse serenade)<\/td>\n<\/tr>\n<tr>\n<td width=\"307\">4. Farkas Ferenc \u2013 We\u00f6res S\u00e1ndor<\/td>\n<td width=\"307\">Hajnaln\u00f3ta (Lied bij de dageraad)<\/td>\n<\/tr>\n<tr>\n<td width=\"307\">5. Karai J\u00f3zsef &#8211; Nagy L\u00e1szl\u00f3<\/td>\n<td width=\"307\">\u00daj reg\u00f6s\u00e9nek (Nieuw reg\u00f6s-lied)<\/td>\n<\/tr>\n<tr>\n<td width=\"307\">6 Bal\u00e1zs \u00c1rp\u00e1d \u2013 Nemes Nagy\u00c1gnes<\/td>\n<td width=\"307\">Bodzavir\u00e1g (Vlierbloesem)<\/td>\n<\/tr>\n<tr>\n<td width=\"307\">7. Peter Ljondev<\/td>\n<td width=\"307\">Ergen deda<\/td>\n<\/tr>\n<tr>\n<td width=\"307\">8. Kod\u00e1ly Zolt\u00e1n<\/td>\n<td width=\"307\">Esti dal (Avondlied)<\/td>\n<\/tr>\n<\/tbody>\n<\/table>\n<p>De koorstukken worden afgewisseld met instrumentale intermezzo\u2019s, mmv Saffiera Hoogma, blokfluit.<\/p>\n<p><strong>WANNEER:\u00a0<\/strong>zondag 21 juni 2015, vanaf 14.00.<br \/>\nConcert begint om <strong>14.45.<\/strong><\/p>\n<p><strong>WAT:\u00a0<\/strong>Concert Hongaars Koor Amsterdam o.l.v. Orsi Burj\u00e1n,<br \/>\npiano: N\u00f3ra Dud\u00e1s<br \/>\nervoor\/erna: Hongaarse hapjes en drankjes<\/p>\n<p><strong>WAAR:\u00a0<\/strong>Goethe Instituut Amsterdam, Herengracht 470<br \/>\nroutebeschrijving: <a href=\"http:\/\/www.goethe.de\/ins\/nl\/ams\/knt\/anf\/nlindex.htm\">www.goethe.de\/ins\/nl\/ams\/knt\/anf\/nlindex.htm<\/a><\/p>\n<p><strong>HOEVEEL:\u00a0<\/strong>Bijdrage: <strong>9 euro<\/strong>, tot 18 jaar: 7 euro (inclusief \u00e9\u00e9n drankconsumptie)<\/p>\n<p><em>Als afsluiting van het seizoen een concert met Hongaars koormuziek, waarvoor uiteraard iedereen welkom is, kennis van het Hongaars is niet noodzakelijk.<\/em><\/p>\n<p><em>We zijn er trots op dat de Hongaarse Salon naast het organiseren van Hongaarse culturele evenementen van hoog niveau ook een ontmoetingsplek biedt waar dergelijke initiatieven hebben kunnen ontstaan, waardoor het Hongaarse culturele aanbod verder wordt verbreed. Hartelijk dank aan alle organisatoren en bezoekers!<\/em><\/p>\n<p><a href=\"https:\/\/www.facebook.com\/events\/727504747372899\/\" target=\"_blank\"><img decoding=\"async\" loading=\"lazy\" class=\"alignnone size-full wp-image-94\" src=\"\/wp-content\/uploads\/2015\/04\/facebooksmall.png\" alt=\"facebooksmall\" width=\"20\" height=\"20\" \/> Evenement op Facebook<\/a><\/p>\n<p><em>We hopen jullie allemaal bij het concert te kunnen verwelkomen, en wensen daarna iedereen een fijne zomer toe. <\/em><em>De Salon start in september weer, de data worden binnenkort bekend gemaakt op onze (binnenkort vernieuwde!) website <\/em><a href=\"http:\/\/www.hongaarsesalon.nl\"><em>www.hongaarsesalon.nl<\/em><\/a><em> en via Facebook.<\/em><\/p>\n<p><em>Mari Alf\u00f6ldy en de organisatoren<\/em><\/p>\n","protected":false},"excerpt":{"rendered":"<p>Het Hongaars Koor Amsterdam is in 2014 opgericht op initiatief van de Hongaarse Salon Amsterdam en dirigent Orsi Burj\u00e1n, met enthousiaste amateurzangers..In het afgelopen ruim half jaar heeft het koor een prachtig repertoire opgebouwd uit de hoogtepunten van de Hongaarse en internationale koormuziek, bestaande uit stukken voor vrouwenkoor en gemengd koor. Orsi Burj\u00e1n studeerde koordirectie [&hellip;]<\/p>\n","protected":false},"author":1,"featured_media":1263,"comment_status":"closed","ping_status":"open","sticky":false,"template":"","format":"standard","meta":[],"categories":[1],"tags":[],"translation":{"provider":"WPGlobus","version":"2.10.9","language":"nl","enabled_languages":["hu","nl"],"languages":{"hu":{"title":true,"content":true,"excerpt":false},"nl":{"title":true,"content":true,"excerpt":false}}},"_links":{"self":[{"href":"https:\/\/magyarszalon.nl\/nl\/wp-json\/wp\/v2\/posts\/175"}],"collection":[{"href":"https:\/\/magyarszalon.nl\/nl\/wp-json\/wp\/v2\/posts"}],"about":[{"href":"https:\/\/magyarszalon.nl\/nl\/wp-json\/wp\/v2\/types\/post"}],"author":[{"embeddable":true,"href":"https:\/\/magyarszalon.nl\/nl\/wp-json\/wp\/v2\/users\/1"}],"replies":[{"embeddable":true,"href":"https:\/\/magyarszalon.nl\/nl\/wp-json\/wp\/v2\/comments?post=175"}],"version-history":[{"count":6,"href":"https:\/\/magyarszalon.nl\/nl\/wp-json\/wp\/v2\/posts\/175\/revisions"}],"predecessor-version":[{"id":1258,"href":"https:\/\/magyarszalon.nl\/nl\/wp-json\/wp\/v2\/posts\/175\/revisions\/1258"}],"wp:featuredmedia":[{"embeddable":true,"href":"https:\/\/magyarszalon.nl\/nl\/wp-json\/wp\/v2\/media\/1263"}],"wp:attachment":[{"href":"https:\/\/magyarszalon.nl\/nl\/wp-json\/wp\/v2\/media?parent=175"}],"wp:term":[{"taxonomy":"category","embeddable":true,"href":"https:\/\/magyarszalon.nl\/nl\/wp-json\/wp\/v2\/categories?post=175"},{"taxonomy":"post_tag","embeddable":true,"href":"https:\/\/magyarszalon.nl\/nl\/wp-json\/wp\/v2\/tags?post=175"}],"curies":[{"name":"wp","href":"https:\/\/api.w.org\/{rel}","templated":true}]}}